{"id":102998,"date":"2026-09-03T10:59:44","date_gmt":"2026-09-03T10:59:44","guid":{"rendered":"https:\/\/casatimis.ro\/?p=102998"},"modified":"2026-09-03T11:14:23","modified_gmt":"2026-09-03T11:14:23","slug":"ce-oferte-speciale-sunt-disponibile-de-1-decembrie-2026","status":"publish","type":"post","link":"https:\/\/casatimis.ro\/en\/ce-oferte-speciale-sunt-disponibile-de-1-decembrie-2026\/","title":{"rendered":"Ce oferte speciale sunt disponibile de 1 Decembrie 2026?"},"content":{"rendered":"<div class=\"pntrst_main_before_after\"><\/div>\t\t<div data-elementor-type=\"wp-post\" data-elementor-id=\"102998\" class=\"elementor elementor-102998\" data-elementor-post-type=\"post\">\n\t\t\t\t\t\t<section data-particle_enable=\"false\" data-particle-mobile-disabled=\"false\" class=\"elementor-section elementor-top-section elementor-element elementor-element-72ed107 elementor-section-boxed elementor-section-height-default elementor-section-height-default\" data-id=\"72ed107\" data-element_type=\"section\" data-e-type=\"section\" data-settings=\"{&quot;ekit_has_onepagescroll_dot&quot;:&quot;yes&quot;}\">\n\t\t\t\t\t\t<div class=\"elementor-container elementor-column-gap-default\">\n\t\t\t\t\t<div class=\"elementor-column elementor-col-100 elementor-top-column elementor-element elementor-element-07aa102\" data-id=\"07aa102\" data-element_type=\"column\" data-e-type=\"column\">\n\t\t\t<div class=\"elementor-widget-wrap elementor-element-populated\">\n\t\t\t\t\t\t<div class=\"elementor-element elementor-element-5aa45ab elementor-widget elementor-widget-text-editor\" data-id=\"5aa45ab\" data-element_type=\"widget\" data-e-type=\"widget\" data-settings=\"{&quot;ekit_we_effect_on&quot;:&quot;none&quot;}\" data-widget_type=\"text-editor.default\">\n\t\t\t\t\t\t\t\t\t<h3>Ce oferte speciale sunt disponibile de 1 Decembrie 2026?<\/h3><p><span style=\"font-weight: 400;\">Pentru <\/span><a href=\"https:\/\/casatimis.ro\/winterwonderland\/1-decembrie\/\"><b>1 Decembrie 2026<\/b><\/a><span style=\"font-weight: 400;\">, rom\u00e2nii care caut\u0103 o minivacan\u021b\u0103 pot alege \u00eentre sejururi la munte, hoteluri cu spa, destina\u021bii rurale \u0219i <\/span><b>pachete de cazare aproape de Bucure\u0219ti<\/b><span style=\"font-weight: 400;\">. Una dintre op\u021biunile pentru Ziua Na\u021bional\u0103 este <\/span><a href=\"https:\/\/casatimis.ro\/\"><b>Casa Timi\u0219 Wellness &amp; Spa Resort<\/b><\/a><span style=\"font-weight: 400;\">, \u00een regiunea viticol\u0103 Dealu Mare, la aproximativ o or\u0103 de Bucure\u0219ti.<\/span><\/p><p><span style=\"font-weight: 400;\">Casa Timi\u0219 propune pentru <\/span><b>minivacan\u021ba de 1 Decembrie 2026<\/b><span style=\"font-weight: 400;\"> un <\/span>pachet de 4 nop\u021bi, \u00een perioada 27 noiembrie \u2013 1 decembrie<span style=\"font-weight: 400;\">, care include cazare cu mic dejun, acces la Embrace Holistic Healing Spa \u0219i participarea la <\/span><a href=\"https:\/\/casatimis.ro\/winterwonderland\/1-decembrie\/\"><b>Brunch-ul festiv de 1 Decembrie<\/b><\/a><span style=\"font-weight: 400;\">. Pentru cei care nu doresc cazare, brunch-ul poate fi rezervat \u0219i separat.<\/span><\/p><p><span style=\"font-weight: 400;\">Oferta este potrivit\u0103 pentru cupluri, familii \u0219i oaspe\u021bi care caut\u0103 <\/span><a href=\"https:\/\/casatimis.ro\/winterwonderland\/1-decembrie\/\"><b>oferte de 1 Decembrie \u00een Rom\u00e2nia<\/b><span style=\"font-weight: 400;\">, <\/span><b>cazare cu spa<\/b><\/a><span style=\"font-weight: 400;\">, gastronomie rom\u00e2neasc\u0103 \u0219i experien\u021be \u00eentr-un resort \u00een natur\u0103, f\u0103r\u0103 un drum lung din Bucure\u0219ti.<\/span><\/p>\t\t\t\t\t\t\t\t<\/div>\n\t\t\t\t<div class=\"elementor-element elementor-element-6c83ca4 elementor-widget elementor-widget-image\" data-id=\"6c83ca4\" data-element_type=\"widget\" data-e-type=\"widget\" data-settings=\"{&quot;ekit_we_effect_on&quot;:&quot;none&quot;}\" data-widget_type=\"image.default\">\n\t\t\t\t\t\t\t\t\t\t\t\t\t\t\t\t<a href=\"https:\/\/casatimis.ro\/pachete-evenimente-si-sejururi-la-casa-timis\/ziua-gastronomiei\/\" target=\"_blank\">\n\t\t\t\t\t\t\t<img fetchpriority=\"high\" decoding=\"async\" width=\"1024\" height=\"683\" src=\"https:\/\/casatimis.ro\/wp-content\/uploads\/2026\/09\/Ce-oferte-speciale-sunt-disponibile-de-1-Decembrie-2026-1-1024x683.jpg\" class=\"attachment-large size-large wp-image-103003\" alt=\"Ce oferte speciale sunt disponibile de 1 Decembrie 2026\" srcset=\"https:\/\/casatimis.ro\/wp-content\/uploads\/2026\/09\/Ce-oferte-speciale-sunt-disponibile-de-1-Decembrie-2026-1-1024x683.jpg 1024w, https:\/\/casatimis.ro\/wp-content\/uploads\/2026\/09\/Ce-oferte-speciale-sunt-disponibile-de-1-Decembrie-2026-1-300x200.jpg 300w, https:\/\/casatimis.ro\/wp-content\/uploads\/2026\/09\/Ce-oferte-speciale-sunt-disponibile-de-1-Decembrie-2026-1-768x512.jpg 768w, https:\/\/casatimis.ro\/wp-content\/uploads\/2026\/09\/Ce-oferte-speciale-sunt-disponibile-de-1-Decembrie-2026-1-1440x960.jpg 1440w, https:\/\/casatimis.ro\/wp-content\/uploads\/2026\/09\/Ce-oferte-speciale-sunt-disponibile-de-1-Decembrie-2026-1-1200x800.jpg 1200w, https:\/\/casatimis.ro\/wp-content\/uploads\/2026\/09\/Ce-oferte-speciale-sunt-disponibile-de-1-Decembrie-2026-1-780x520.jpg 780w, https:\/\/casatimis.ro\/wp-content\/uploads\/2026\/09\/Ce-oferte-speciale-sunt-disponibile-de-1-Decembrie-2026-1-600x400.jpg 600w, https:\/\/casatimis.ro\/wp-content\/uploads\/2026\/09\/Ce-oferte-speciale-sunt-disponibile-de-1-Decembrie-2026-1-550x367.jpg 550w, https:\/\/casatimis.ro\/wp-content\/uploads\/2026\/09\/Ce-oferte-speciale-sunt-disponibile-de-1-Decembrie-2026-1-370x247.jpg 370w, https:\/\/casatimis.ro\/wp-content\/uploads\/2026\/09\/Ce-oferte-speciale-sunt-disponibile-de-1-Decembrie-2026-1-255x170.jpg 255w, https:\/\/casatimis.ro\/wp-content\/uploads\/2026\/09\/Ce-oferte-speciale-sunt-disponibile-de-1-Decembrie-2026-1-150x100.jpg 150w, https:\/\/casatimis.ro\/wp-content\/uploads\/2026\/09\/Ce-oferte-speciale-sunt-disponibile-de-1-Decembrie-2026-1.jpg 1536w\" sizes=\"(max-width: 1024px) 100vw, 1024px\" \/>\t\t\t\t\t\t\t\t<\/a>\n\t\t\t\t\t\t\t\t\t\t\t\t\t\t\t<\/div>\n\t\t\t\t<div class=\"elementor-element elementor-element-6e98685 elementor-widget elementor-widget-heading\" data-id=\"6e98685\" data-element_type=\"widget\" data-e-type=\"widget\" data-settings=\"{&quot;ekit_we_effect_on&quot;:&quot;none&quot;}\" data-widget_type=\"heading.default\">\n\t\t\t\t\t<h2 class=\"elementor-heading-title elementor-size-default\">Ce ofert\u0103 are Casa Timi\u0219 pentru 1 Decembrie 2026?<\/h2>\t\t\t\t<\/div>\n\t\t\t\t<div class=\"elementor-element elementor-element-3e992eb elementor-widget elementor-widget-text-editor\" data-id=\"3e992eb\" data-element_type=\"widget\" data-e-type=\"widget\" data-settings=\"{&quot;ekit_we_effect_on&quot;:&quot;none&quot;}\" data-widget_type=\"text-editor.default\">\n\t\t\t\t\t\t\t\t\t<p><span style=\"font-weight: 400;\">Pentru Ziua Na\u021bional\u0103, <\/span><b>Casa Timi\u0219 Wellness &amp; Spa Resort<\/b><span style=\"font-weight: 400;\"> a preg\u0103tit dou\u0103 variante: un <\/span><b>pachet de cazare de 4 nop\u021bi<\/b><span style=\"font-weight: 400;\"> \u0219i un <\/span><b>Brunch festiv de 1 Decembrie<\/b><span style=\"font-weight: 400;\">, disponibil \u0219i pentru oaspe\u021bii care nu sunt caza\u021bi \u00een resort.<\/span><\/p><p><span style=\"font-weight: 400;\">Pachetul se desf\u0103\u0219oar\u0103 \u00een perioada <\/span><b>27 noiembrie \u2013 1 decembrie 2026<\/b><span style=\"font-weight: 400;\"> \u0219i este conceput ca o minivacan\u021b\u0103 \u00een Dealu Mare, \u00een care gastronomia rom\u00e2neasc\u0103, wellness-ul \u0219i activit\u0103\u021bile \u00een natur\u0103 completeaz\u0103 programul dedicat Zilei Na\u021bionale.<\/span><\/p><p><span style=\"font-weight: 400;\">Oaspe\u021bii caza\u021bi beneficiaz\u0103 de <\/span><b>mic dejun<\/b><span style=\"font-weight: 400;\">, participare la brunch-ul festiv din 1 Decembrie \u0219i <\/span><b>acces inclus la Embrace Holistic Healing Spa<\/b><span style=\"font-weight: 400;\">. Programul weekendului este completat de activit\u0103\u021bi \u0219i experien\u021be dedicate adul\u021bilor \u0219i familiilor cu copii.<\/span><\/p><h4>Ce include pachetul de cazare de 1 Decembrie la Casa Timi\u0219?<\/h4><p><a href=\"https:\/\/casatimis.ro\/winterwonderland\/1-decembrie\/\"><b>Pachetul de 1 Decembrie 2026<\/b><\/a><span style=\"font-weight: 400;\"> este disponibil pentru dou\u0103 persoane \u0219i include patru nop\u021bi de cazare, \u00een perioada 27 noiembrie \u2013 1 decembrie.<\/span><\/p><p><span style=\"font-weight: 400;\">\u00cen sejur sunt incluse micul dejun, <\/span><b>Brunch-ul festiv de 1 Decembrie<\/b><span style=\"font-weight: 400;\">, accesul la Embrace Holistic Healing Spa, Kids Area \u0219i experien\u021bele incluse \u00een programul minivacan\u021bei.<\/span><\/p><p><span style=\"font-weight: 400;\">Unul dintre avantajele importante pentru familii este c\u0103 <\/span><b>copiii cu v\u00e2rsta de p\u00e2n\u0103 la 18 ani beneficiaz\u0103 de cazare \u0219i brunch incluse \u00een pachet<\/b><span style=\"font-weight: 400;\">, \u00een limita capacit\u0103\u021bii maxime a tipului de camer\u0103 rezervat \u0219i conform condi\u021biilor de ocupare.<\/span><\/p><p><span style=\"font-weight: 400;\">Pentru rezerv\u0103rile efectuate p\u00e2n\u0103 la <\/span><b>31 octombrie 2026<\/b><span style=\"font-weight: 400;\">, pachetul beneficiaz\u0103 de <\/span><b>10% reducere Early Booking<\/b><span style=\"font-weight: 400;\">.<\/span><\/p><h4>C\u00e2t cost\u0103 pachetul de 1 Decembrie 2026 la Casa Timi\u0219?<\/h4><p><span style=\"font-weight: 400;\">Tarifele pachetului pentru <\/span><b>4 nop\u021bi de cazare \u0219i 2 persoane<\/b><span style=\"font-weight: 400;\"> difer\u0103 \u00een func\u021bie de tipul de camer\u0103 ales.<\/span><\/p><p><span style=\"font-weight: 400;\">Camera Dubl\u0103 \u00een Conac are un tarif de <\/span><b>3.990 lei<\/b><span style=\"font-weight: 400;\">, Suita \u00een Conac \u2013 <\/span><b>5.190 lei<\/b><span style=\"font-weight: 400;\">, Junior Suite Bungalow \u2013 <\/span><b>6.990 lei<\/b><span style=\"font-weight: 400;\">, iar Apartamentul Bungalow \u2013 <\/span><b>9.990 lei<\/b><span style=\"font-weight: 400;\">.<\/span><\/p><p><span style=\"font-weight: 400;\">Cu reducerea <\/span><b>Early Booking de 10%, valabil\u0103 p\u00e2n\u0103 la 31 octombrie 2026<\/b><span style=\"font-weight: 400;\">, tarifele devin 3.591 lei pentru Camera Dubl\u0103 Conac, 4.671 lei pentru Suita Conac, 6.291 lei pentru Junior Suite Bungalow \u0219i 8.991 lei pentru Apartamentul Bungalow.<\/span><\/p><p><span style=\"font-weight: 400;\">Astfel, oferta poate fi relevant\u0103 pentru c\u0103ut\u0103ri precum <\/span><b>oferte 1 Decembrie 2026<\/b><span style=\"font-weight: 400;\">, <\/span><b>pachete 1 Decembrie Rom\u00e2nia<\/b><span style=\"font-weight: 400;\">, <\/span><b>minivacan\u021b\u0103 1 Decembrie<\/b><span style=\"font-weight: 400;\"> \u0219i <\/span><b>cazare de 1 Decembrie cu spa<\/b><span style=\"font-weight: 400;\">.<\/span><\/p><h4>Exist\u0103 \u0219i un brunch de 1 Decembrie f\u0103r\u0103 cazare?<\/h4><p><span style=\"font-weight: 400;\">Da. Cei care vor s\u0103 s\u0103rb\u0103toreasc\u0103 Ziua Na\u021bional\u0103 la Casa Timi\u0219 f\u0103r\u0103 s\u0103 rezerve \u00eentregul sejur pot participa separat la <\/span><b>Brunch-ul de 1 Decembrie 2026<\/b><span style=\"font-weight: 400;\">.<\/span><\/p><p><span style=\"font-weight: 400;\">Brunch-ul are loc mar\u021bi, <\/span><b>1 decembrie 2026, \u00eentre orele 13:00 \u0219i 17:00<\/b><span style=\"font-weight: 400;\">, \u0219i este construit \u00een jurul gastronomiei rom\u00e2ne\u0219ti \u0219i al atmosferei specifice Zilei Na\u021bionale.<\/span><\/p><p><span style=\"font-weight: 400;\">Pre\u021bul este de <\/span><b>490 lei de persoan\u0103<\/b><span style=\"font-weight: 400;\">.<\/span><\/p><p><span style=\"font-weight: 400;\">Este o variant\u0103 potrivit\u0103 pentru cei care caut\u0103 <\/span><b>brunch de 1 Decembrie l\u00e2ng\u0103 Bucure\u0219ti<\/b><span style=\"font-weight: 400;\">, <\/span><b>restaurant de 1 Decembrie<\/b><span style=\"font-weight: 400;\">, <\/span><b>evenimente de Ziua Na\u021bional\u0103<\/b><span style=\"font-weight: 400;\"> sau pur \u0219i simplu o experien\u021b\u0103 gastronomic\u0103 pentru \u00eentreaga familie.<\/span><\/p>\t\t\t\t\t\t\t\t<\/div>\n\t\t\t\t<div class=\"elementor-element elementor-element-28a5d32 elementor-widget elementor-widget-image\" data-id=\"28a5d32\" data-element_type=\"widget\" data-e-type=\"widget\" data-settings=\"{&quot;ekit_we_effect_on&quot;:&quot;none&quot;}\" data-widget_type=\"image.default\">\n\t\t\t\t\t\t\t\t\t\t\t\t\t\t\t<img decoding=\"async\" width=\"850\" height=\"670\" src=\"https:\/\/casatimis.ro\/wp-content\/uploads\/2024\/07\/Pachet-Vacanta-1-Decembrie-2024.jpg\" class=\"attachment-large size-large wp-image-75256\" alt=\"Pachet Vacanta 1 Decembrie 2024\" srcset=\"https:\/\/casatimis.ro\/wp-content\/uploads\/2024\/07\/Pachet-Vacanta-1-Decembrie-2024.jpg 850w, https:\/\/casatimis.ro\/wp-content\/uploads\/2024\/07\/Pachet-Vacanta-1-Decembrie-2024-150x118.jpg 150w, https:\/\/casatimis.ro\/wp-content\/uploads\/2024\/07\/Pachet-Vacanta-1-Decembrie-2024-600x473.jpg 600w, https:\/\/casatimis.ro\/wp-content\/uploads\/2024\/07\/Pachet-Vacanta-1-Decembrie-2024-300x236.jpg 300w, https:\/\/casatimis.ro\/wp-content\/uploads\/2024\/07\/Pachet-Vacanta-1-Decembrie-2024-768x605.jpg 768w, https:\/\/casatimis.ro\/wp-content\/uploads\/2024\/07\/Pachet-Vacanta-1-Decembrie-2024-440x347.jpg 440w\" sizes=\"(max-width: 850px) 100vw, 850px\" \/>\t\t\t\t\t\t\t\t\t\t\t\t\t\t\t<\/div>\n\t\t\t\t<div class=\"elementor-element elementor-element-49a412f elementor-widget elementor-widget-heading\" data-id=\"49a412f\" data-element_type=\"widget\" data-e-type=\"widget\" data-settings=\"{&quot;ekit_we_effect_on&quot;:&quot;none&quot;}\" data-widget_type=\"heading.default\">\n\t\t\t\t\t<h3 class=\"elementor-heading-title elementor-size-default\">Unde po\u021bi petrece 1 Decembrie aproape de Bucure\u0219ti?<\/h3>\t\t\t\t<\/div>\n\t\t\t\t<div class=\"elementor-element elementor-element-9e1bbd1 elementor-widget elementor-widget-text-editor\" data-id=\"9e1bbd1\" data-element_type=\"widget\" data-e-type=\"widget\" data-settings=\"{&quot;ekit_we_effect_on&quot;:&quot;none&quot;}\" data-widget_type=\"text-editor.default\">\n\t\t\t\t\t\t\t\t\t<p><span style=\"font-weight: 400;\">Pentru cei care caut\u0103 <\/span><a href=\"https:\/\/casatimis.ro\/winterwonderland\/1-decembrie\/\"><b>unde s\u0103 petreac\u0103 1 Decembrie l\u00e2ng\u0103 Bucure\u0219ti<\/b><\/a><span style=\"font-weight: 400;\">, Dealu Mare ofer\u0103 o alternativ\u0103 la Valea Prahovei \u0219i la destina\u021biile montane foarte aglomerate.<\/span><\/p><p><span style=\"font-weight: 400;\">Casa Timi\u0219 se afl\u0103 la aproximativ o or\u0103 de Capital\u0103, \u00eentr-un domeniu de aproximativ 160 de hectare, \u00een mijlocul uneia dintre cele mai cunoscute regiuni viticole ale Rom\u00e2niei.<\/span><\/p><p><span style=\"font-weight: 400;\">Este astfel o op\u021biune pentru cei care caut\u0103 <\/span><b>cazare l\u00e2ng\u0103 Bucure\u0219ti<\/b><span style=\"font-weight: 400;\">, <\/span><b>resort l\u00e2ng\u0103 Bucure\u0219ti<\/b><span style=\"font-weight: 400;\">, <\/span><b>cazare \u00een natur\u0103<\/b><span style=\"font-weight: 400;\">, <\/span><b>cazare cu spa<\/b><span style=\"font-weight: 400;\"> sau <\/span><b>locuri de vizitat la aproximativ 100 km de Bucure\u0219ti<\/b><span style=\"font-weight: 400;\">.<\/span><\/p><p><span style=\"font-weight: 400;\">Avantajul unei astfel de minivacan\u021be este c\u0103 experien\u021bele de cazare, wellness, gastronomie \u0219i activit\u0103\u021bile resortului se g\u0103sesc \u00een aceea\u0219i destina\u021bie.<\/span><\/p><h4>Exist\u0103 oferte de 1 Decembrie cu spa inclus \u00een cazare?<\/h4><p><span style=\"font-weight: 400;\">Da. Pentru oaspe\u021bii caza\u021bi la Casa Timi\u0219, <\/span><a href=\"https:\/\/casatimis.ro\/embrace-spa\/\"><b>accesul la Embrace Holistic Healing Spa este inclus \u00een sejur<\/b><\/a><span style=\"font-weight: 400;\">.<\/span><\/p><p><span style=\"font-weight: 400;\">Zona wellness include saun\u0103 umed\u0103 cu aromaterapie \u0219i haloterapie, saun\u0103 uscat\u0103 cu aromaterapie \u0219i sare de Himalaya, f\u00e2nt\u00e2n\u0103 de ghea\u021b\u0103, \u0219ezlonguri terapeutice cu infraro\u0219u, zon\u0103 de relaxare, sal\u0103 de fitness, fresh corner \u0219i saun\u0103 exterioar\u0103 panoramic\u0103.<\/span><\/p><p><span style=\"font-weight: 400;\">Experien\u021ba poate fi completat\u0103 cu masaje \u0219i ritualuri spa rezervate separat, iar oaspe\u021bii pachetului de 1 Decembrie beneficiaz\u0103 de <\/span><b>25% reducere pentru masaje \u0219i ritualuri spa<\/b><span style=\"font-weight: 400;\">.<\/span><\/p><p><span style=\"font-weight: 400;\">Pentru cei care caut\u0103 un <\/span><b>spa resort \u00een Rom\u00e2nia<\/b><span style=\"font-weight: 400;\">, un <\/span><b>weekend cu spa l\u00e2ng\u0103 Bucure\u0219ti<\/b><span style=\"font-weight: 400;\"> sau <\/span><b>cazare cu spa de 1 Decembrie<\/b><span style=\"font-weight: 400;\">, aceast\u0103 combina\u021bie permite transformarea minivacan\u021bei \u00eentr-o experien\u021b\u0103 de wellness, nu doar \u00eentr-un sejur.<\/span><\/p><h4>Ce activit\u0103\u021bi sunt disponibile \u00een minivacan\u021ba de 1 Decembrie?<\/h4><p><span style=\"font-weight: 400;\">Programul \u00eencepe vineri, <\/span><b>27 noiembrie<\/b><span style=\"font-weight: 400;\">, cu check-in de la ora 16:00.<\/span><\/p><p><span style=\"font-weight: 400;\">S\u00e2mb\u0103t\u0103, oaspe\u021bii pot participa la o <\/span><b>degustare de vinuri Casa Timi\u0219<\/b><span style=\"font-weight: 400;\">, iar pentru copii sunt programate activit\u0103\u021bi cu animatori.<\/span><\/p><p><span style=\"font-weight: 400;\">Duminic\u0103, familiile pot descoperi <\/span><b>Family Escape Room<\/b><span style=\"font-weight: 400;\">, iar luni programul continu\u0103 cu <\/span><b>Treasure Hunt \u00een vie<\/b><span style=\"font-weight: 400;\"> \u0219i un foc de tab\u0103r\u0103 organizat \u00een seara de Sf\u00e2ntul Andrei.<\/span><\/p><p><span style=\"font-weight: 400;\">Minivacan\u021ba se \u00eencheie mar\u021bi cu <\/span><b>Brunch-ul festiv de 1 Decembrie<\/b><span style=\"font-weight: 400;\">, \u00eentre orele 13:00 \u0219i 17:00.<\/span><\/p><p><span style=\"font-weight: 400;\">Astfel, pachetul este potrivit nu numai pentru cupluri, ci \u0219i pentru cei care caut\u0103 <\/span><b>oferte de 1 Decembrie pentru familii cu copii<\/b><span style=\"font-weight: 400;\">.<\/span><\/p>\t\t\t\t\t\t\t\t<\/div>\n\t\t\t\t<div class=\"elementor-element elementor-element-cf04be2 elementor-widget elementor-widget-image\" data-id=\"cf04be2\" data-element_type=\"widget\" data-e-type=\"widget\" data-settings=\"{&quot;ekit_we_effect_on&quot;:&quot;none&quot;}\" data-widget_type=\"image.default\">\n\t\t\t\t\t\t\t\t\t\t\t\t\t\t\t<img decoding=\"async\" width=\"850\" height=\"670\" src=\"https:\/\/casatimis.ro\/wp-content\/uploads\/2024\/07\/Brunch-1-Decembrie.jpg\" class=\"attachment-large size-large wp-image-75258\" alt=\"Brunch 1 Decembrie\" srcset=\"https:\/\/casatimis.ro\/wp-content\/uploads\/2024\/07\/Brunch-1-Decembrie.jpg 850w, https:\/\/casatimis.ro\/wp-content\/uploads\/2024\/07\/Brunch-1-Decembrie-150x118.jpg 150w, https:\/\/casatimis.ro\/wp-content\/uploads\/2024\/07\/Brunch-1-Decembrie-600x473.jpg 600w, https:\/\/casatimis.ro\/wp-content\/uploads\/2024\/07\/Brunch-1-Decembrie-300x236.jpg 300w, https:\/\/casatimis.ro\/wp-content\/uploads\/2024\/07\/Brunch-1-Decembrie-768x605.jpg 768w, https:\/\/casatimis.ro\/wp-content\/uploads\/2024\/07\/Brunch-1-Decembrie-440x347.jpg 440w\" sizes=\"(max-width: 850px) 100vw, 850px\" \/>\t\t\t\t\t\t\t\t\t\t\t\t\t\t\t<\/div>\n\t\t\t\t<div class=\"elementor-element elementor-element-b89c941 elementor-widget elementor-widget-heading\" data-id=\"b89c941\" data-element_type=\"widget\" data-e-type=\"widget\" data-settings=\"{&quot;ekit_we_effect_on&quot;:&quot;none&quot;}\" data-widget_type=\"heading.default\">\n\t\t\t\t\t<h3 class=\"elementor-heading-title elementor-size-default\">Unde mergi de 1 Decembrie cu copiii?<\/h3>\t\t\t\t<\/div>\n\t\t\t\t<div class=\"elementor-element elementor-element-05a2c08 elementor-widget elementor-widget-text-editor\" data-id=\"05a2c08\" data-element_type=\"widget\" data-e-type=\"widget\" data-settings=\"{&quot;ekit_we_effect_on&quot;:&quot;none&quot;}\" data-widget_type=\"text-editor.default\">\n\t\t\t\t\t\t\t\t\t<p><span style=\"font-weight: 400;\">Pentru familii, o minivacan\u021b\u0103 reu\u0219it\u0103 presupune existen\u021ba unor activit\u0103\u021bi at\u00e2t pentru adul\u021bi, c\u00e2t \u0219i pentru cei mici.<\/span><\/p><p><span style=\"font-weight: 400;\">Casa Timi\u0219 ofer\u0103 Kids Area, locuri de joac\u0103 \u0219i activit\u0103\u021bi dedicate copiilor, iar programul special pentru weekendul de Ziua Na\u021bional\u0103 include experien\u021be precum Family Escape Room \u0219i Treasure Hunt.<\/span><\/p><p><span style=\"font-weight: 400;\">\u00cen plus, beneficiul prin care copiii de p\u00e2n\u0103 la 18 ani au <\/span><b>cazarea \u0219i brunch-ul incluse \u00een pachet<\/b><span style=\"font-weight: 400;\">, \u00een condi\u021biile de ocupare ale camerei, face oferta relevant\u0103 pentru familiile care caut\u0103 <\/span><b>cazare de 1 Decembrie cu copii<\/b><span style=\"font-weight: 400;\">, <\/span><b>hotel cu loc de joac\u0103 l\u00e2ng\u0103 Bucure\u0219ti<\/b><span style=\"font-weight: 400;\"> sau o <\/span><b>minivacan\u021b\u0103 \u00een familie \u00een Rom\u00e2nia<\/b><span style=\"font-weight: 400;\">.<\/span><\/p><h4>Ce po\u021bi m\u00e2nca de 1 Decembrie la Casa Timi\u0219?<\/h4><p><span style=\"font-weight: 400;\">Ziua Na\u021bional\u0103 este celebrat\u0103 \u0219i prin gastronomie.<\/span><\/p><p><span style=\"font-weight: 400;\">Brunch-ul festiv pune \u00een prim-plan preparate inspirate din buc\u0103t\u0103ria \u0219i tradi\u021biile rom\u00e2ne\u0219ti, \u00eentr-o experien\u021b\u0103 care completeaz\u0103 conceptul <\/span><b>\u201eS\u0103rb\u0103tore\u0219te Rom\u00e2ne\u0219te\u201d<\/b><span style=\"font-weight: 400;\">.<\/span><\/p><p><span style=\"font-weight: 400;\">\u00cen restul sejurului, oaspe\u021bii pot lua pr\u00e2nzul sau cina \u00e0 la carte la <\/span><a href=\"https:\/\/casatimis.ro\/restaurante\/\"><b>Veranda dintre Vii<\/b><\/a><span style=\"font-weight: 400;\">, restaurantul Casa Timi\u0219, cu rezervare.<\/span><\/p><p><span style=\"font-weight: 400;\">Pentru turi\u0219tii care caut\u0103 <\/span><b>cazare cu restaurant<\/b><span style=\"font-weight: 400;\">, <\/span><b>restaurant l\u00e2ng\u0103 Bucure\u0219ti<\/b><span style=\"font-weight: 400;\"> sau o destina\u021bie \u00een care gastronomia este parte din experien\u021ba sejurului, aceasta este una dintre componentele importante ale pachetului.<\/span><\/p><h4>Ce alegi de 1 Decembrie: munte, sta\u021biune balnear\u0103 sau un resort aproape de Bucure\u0219ti?<\/h4><p><span style=\"font-weight: 400;\">Ofertele pentru <\/span><b>1 Decembrie 2026<\/b><span style=\"font-weight: 400;\"> sunt diverse. Destina\u021biile montane sunt potrivite pentru cei care caut\u0103 atmosfera specific\u0103 \u00eenceputului de iarn\u0103, iar sta\u021biunile balneare sunt orientate \u00een special c\u0103tre relaxare \u0219i tratamente.<\/span><\/p><p><span style=\"font-weight: 400;\">Un <\/span><b>wellness &amp; spa resort aproape de Bucure\u0219ti<\/b><span style=\"font-weight: 400;\"> ofer\u0103 \u00eens\u0103 un alt tip de experien\u021b\u0103: timpul petrecut pe drum este mai scurt, iar sejurul poate combina natura, spa-ul, gastronomia, vinul \u0219i activit\u0103\u021bile pentru familie.<\/span><\/p><p><span style=\"font-weight: 400;\">Casa Timi\u0219 este amplasat\u0103 \u00een Dealu Mare \u0219i ofer\u0103 aceast\u0103 combina\u021bie \u00eentr-o singur\u0103 destina\u021bie, ceea ce o face o alternativ\u0103 pentru cei care vor s\u0103 petreac\u0103 <\/span><b>1 Decembrie \u00een Rom\u00e2nia<\/b><span style=\"font-weight: 400;\">, dar nu \u00ee\u0219i doresc un sejur clasic la munte.<\/span><\/p>\t\t\t\t\t\t\t\t<\/div>\n\t\t\t\t<div class=\"elementor-element elementor-element-57f4430 elementor-widget elementor-widget-image\" data-id=\"57f4430\" data-element_type=\"widget\" data-e-type=\"widget\" data-settings=\"{&quot;ekit_we_effect_on&quot;:&quot;none&quot;}\" data-widget_type=\"image.default\">\n\t\t\t\t\t\t\t\t\t\t\t\t\t\t\t<img loading=\"lazy\" decoding=\"async\" width=\"819\" height=\"1024\" src=\"https:\/\/casatimis.ro\/wp-content\/uploads\/2023\/09\/1-decembrie-5-819x1024.jpeg\" class=\"attachment-large size-large wp-image-27020\" alt=\"\" srcset=\"https:\/\/casatimis.ro\/wp-content\/uploads\/2023\/09\/1-decembrie-5-819x1024.jpeg 819w, https:\/\/casatimis.ro\/wp-content\/uploads\/2023\/09\/1-decembrie-5-120x150.jpeg 120w, https:\/\/casatimis.ro\/wp-content\/uploads\/2023\/09\/1-decembrie-5-600x750.jpeg 600w, https:\/\/casatimis.ro\/wp-content\/uploads\/2023\/09\/1-decembrie-5-240x300.jpeg 240w, https:\/\/casatimis.ro\/wp-content\/uploads\/2023\/09\/1-decembrie-5-768x960.jpeg 768w, https:\/\/casatimis.ro\/wp-content\/uploads\/2023\/09\/1-decembrie-5-1229x1536.jpeg 1229w, https:\/\/casatimis.ro\/wp-content\/uploads\/2023\/09\/1-decembrie-5-440x550.jpeg 440w, https:\/\/casatimis.ro\/wp-content\/uploads\/2023\/09\/1-decembrie-5.jpeg 1440w\" sizes=\"(max-width: 819px) 100vw, 819px\" \/>\t\t\t\t\t\t\t\t\t\t\t\t\t\t\t<\/div>\n\t\t\t\t<div class=\"elementor-element elementor-element-8cab831 elementor-widget elementor-widget-heading\" data-id=\"8cab831\" data-element_type=\"widget\" data-e-type=\"widget\" data-settings=\"{&quot;ekit_we_effect_on&quot;:&quot;none&quot;}\" data-widget_type=\"heading.default\">\n\t\t\t\t\t<h3 class=\"elementor-heading-title elementor-size-default\">Care sunt cele mai bune oferte speciale de 1 Decembrie 2026?\n<\/h3>\t\t\t\t<\/div>\n\t\t\t\t<div class=\"elementor-element elementor-element-cc11f62 elementor-widget elementor-widget-text-editor\" data-id=\"cc11f62\" data-element_type=\"widget\" data-e-type=\"widget\" data-settings=\"{&quot;ekit_we_effect_on&quot;:&quot;none&quot;}\" data-widget_type=\"text-editor.default\">\n\t\t\t\t\t\t\t\t\t<p><span style=\"font-weight: 400;\">Cele mai bune <\/span><b>oferte speciale de 1 Decembrie 2026<\/b><span style=\"font-weight: 400;\"> depind de tipul de vacan\u021b\u0103 pe care \u00eel cau\u021bi. Pentru un weekend activ po\u021bi alege muntele, pentru tratamente exist\u0103 sta\u021biunile balneare, iar pentru o combina\u021bie \u00eentre relaxare, gastronomie \u0219i natur\u0103 po\u021bi alege un resort cu spa.<\/span><\/p><p><span style=\"font-weight: 400;\">La <\/span><b>Casa Timi\u0219 Wellness &amp; Spa Resort<\/b><span style=\"font-weight: 400;\">, oferta pentru 1 Decembrie include un <\/span><b>sejur de 4 nop\u021bi pentru dou\u0103 persoane, brunch festiv, mic dejun, acces la spa \u0219i activit\u0103\u021bi dedicate minivacan\u021bei<\/b><span style=\"font-weight: 400;\">, cu tarife \u00eencep\u00e2nd de la <\/span><b>3.990 lei pentru dou\u0103 persoane<\/b><span style=\"font-weight: 400;\">.<\/span><\/p><p><span style=\"font-weight: 400;\">Pentru cei care doresc doar experien\u021ba Zilei Na\u021bionale, <\/span><b>Brunch-ul de 1 Decembrie poate fi rezervat separat, la pre\u021bul de 490 lei de persoan\u0103<\/b><span style=\"font-weight: 400;\">.<\/span><\/p><p><span style=\"font-weight: 400;\">Iar pentru rezerv\u0103rile pachetului efectuate p\u00e2n\u0103 la 31 octombrie 2026 este disponibil\u0103 o <\/span><b>reducere Early Booking de 10%<\/b><span style=\"font-weight: 400;\">.<\/span><\/p>\t\t\t\t\t\t\t\t<\/div>\n\t\t\t\t<div class=\"elementor-element elementor-element-cdd3834 elementor-widget elementor-widget-image\" data-id=\"cdd3834\" data-element_type=\"widget\" data-e-type=\"widget\" data-settings=\"{&quot;ekit_we_effect_on&quot;:&quot;none&quot;}\" data-widget_type=\"image.default\">\n\t\t\t\t\t\t\t\t\t\t\t\t\t\t\t<img loading=\"lazy\" decoding=\"async\" width=\"1024\" height=\"1024\" src=\"https:\/\/casatimis.ro\/wp-content\/uploads\/2026\/04\/Conac-Casa-Timis-Cazare-la-conac-2-1024x1024.jpg\" class=\"attachment-large size-large wp-image-100037\" alt=\"Conac-Casa-Timis-Cazare-la-conac-2\" srcset=\"https:\/\/casatimis.ro\/wp-content\/uploads\/2026\/04\/Conac-Casa-Timis-Cazare-la-conac-2-1024x1024.jpg 1024w, https:\/\/casatimis.ro\/wp-content\/uploads\/2026\/04\/Conac-Casa-Timis-Cazare-la-conac-2-300x300.jpg 300w, https:\/\/casatimis.ro\/wp-content\/uploads\/2026\/04\/Conac-Casa-Timis-Cazare-la-conac-2-150x150.jpg 150w, https:\/\/casatimis.ro\/wp-content\/uploads\/2026\/04\/Conac-Casa-Timis-Cazare-la-conac-2-768x768.jpg 768w, https:\/\/casatimis.ro\/wp-content\/uploads\/2026\/04\/Conac-Casa-Timis-Cazare-la-conac-2-780x780.jpg 780w, https:\/\/casatimis.ro\/wp-content\/uploads\/2026\/04\/Conac-Casa-Timis-Cazare-la-conac-2-600x600.jpg 600w, https:\/\/casatimis.ro\/wp-content\/uploads\/2026\/04\/Conac-Casa-Timis-Cazare-la-conac-2-550x550.jpg 550w, https:\/\/casatimis.ro\/wp-content\/uploads\/2026\/04\/Conac-Casa-Timis-Cazare-la-conac-2-370x370.jpg 370w, https:\/\/casatimis.ro\/wp-content\/uploads\/2026\/04\/Conac-Casa-Timis-Cazare-la-conac-2-255x255.jpg 255w, https:\/\/casatimis.ro\/wp-content\/uploads\/2026\/04\/Conac-Casa-Timis-Cazare-la-conac-2.jpg 1200w\" sizes=\"(max-width: 1024px) 100vw, 1024px\" \/>\t\t\t\t\t\t\t\t\t\t\t\t\t\t\t<\/div>\n\t\t\t\t<div class=\"elementor-element elementor-element-0595ac1 elementor-widget elementor-widget-heading\" data-id=\"0595ac1\" data-element_type=\"widget\" data-e-type=\"widget\" data-settings=\"{&quot;ekit_we_effect_on&quot;:&quot;none&quot;}\" data-widget_type=\"heading.default\">\n\t\t\t\t\t<h3 class=\"elementor-heading-title elementor-size-default\">\u00centreb\u0103ri frecvente despre oferta de 1 Decembrie 2026\n<\/h3>\t\t\t\t<\/div>\n\t\t\t\t<div class=\"elementor-element elementor-element-d91cc79 elementor-widget elementor-widget-text-editor\" data-id=\"d91cc79\" data-element_type=\"widget\" data-e-type=\"widget\" data-settings=\"{&quot;ekit_we_effect_on&quot;:&quot;none&quot;}\" data-widget_type=\"text-editor.default\">\n\t\t\t\t\t\t\t\t\t<h4>Casa Timi\u0219 are ofert\u0103 pentru 1 Decembrie 2026?<\/h4><p><span style=\"font-weight: 400;\">Da. Casa Timi\u0219 are un pachet de <\/span><b>4 nop\u021bi, 27 noiembrie \u2013 1 decembrie 2026<\/b><span style=\"font-weight: 400;\">, precum \u0219i un Brunch festiv care poate fi rezervat separat.<\/span><\/p><h4>C\u00e2t cost\u0103 cazarea de 1 Decembrie?<\/h4><p><span style=\"font-weight: 400;\">Pachetul \u00eencepe de la <\/span><b>3.990 lei pentru dou\u0103 persoane<\/b><span style=\"font-weight: 400;\">, pentru patru nop\u021bi \u00een Camera Dubl\u0103 Conac. P\u00e2n\u0103 la 31 octombrie 2026 se aplic\u0103 o reducere Early Booking de 10%.<\/span><\/p><h4>C\u00e2t cost\u0103 Brunch-ul de 1 Decembrie?<\/h4><p><span style=\"font-weight: 400;\">Brunch-ul cost\u0103 <\/span><b>490 lei de persoan\u0103<\/b><span style=\"font-weight: 400;\"> \u0219i are loc pe 1 decembrie, \u00eentre orele 13:00 \u0219i 17:00.<\/span><\/p><h4>Spa-ul este inclus \u00een pachet?<\/h4><p><span style=\"font-weight: 400;\">Da. Accesul la Embrace Holistic Healing Spa este inclus \u00een cazare, iar oaspe\u021bii pachetului beneficiaz\u0103 \u0219i de 25% reducere la masaje \u0219i ritualuri spa.<\/span><\/p><h4>Oferta este potrivit\u0103 pentru familii?<\/h4><p><span style=\"font-weight: 400;\">Da. Pachetul include activit\u0103\u021bi pentru familie \u0219i Kids Area, iar copiii de p\u00e2n\u0103 la 18 ani beneficiaz\u0103 de cazare \u0219i brunch incluse \u00een pachet, conform capacit\u0103\u021bii camerei \u0219i condi\u021biilor de ocupare.<\/span><\/p><h4>Unde este Casa Timi\u0219?<\/h4><p><span style=\"font-weight: 400;\">Casa Timi\u0219 Wellness &amp; Spa Resort se afl\u0103 \u00een regiunea Dealu Mare, la aproximativ o or\u0103 de Bucure\u0219ti.<\/span><\/p><h4>1 Decembrie 2026 la Casa Timi\u0219: o minivacan\u021b\u0103 rom\u00e2neasc\u0103 \u00een Dealu Mare<\/h4><p><span style=\"font-weight: 400;\">Pentru cei care caut\u0103 <\/span><b>ce oferte speciale sunt disponibile de 1 Decembrie<\/b><span style=\"font-weight: 400;\">, Casa Timi\u0219 propune o alternativ\u0103 la vacan\u021bele clasice de munte: patru nop\u021bi \u00eentr-un resort \u00een natur\u0103, gastronomie rom\u00e2neasc\u0103, wellness, vin \u0219i experien\u021be pentru \u00eentreaga familie.<\/span><\/p><p><span style=\"font-weight: 400;\">Este o alegere potrivit\u0103 pentru <\/span><b>minivacan\u021ba de 1 Decembrie<\/b><span style=\"font-weight: 400;\">, pentru un <\/span><b>weekend cu spa aproape de Bucure\u0219ti<\/b><span style=\"font-weight: 400;\">, pentru familii cu copii sau pentru cei care vor s\u0103 transforme Ziua Na\u021bional\u0103 \u00eentr-o experien\u021b\u0103 de c\u00e2teva zile \u00een Dealu Mare.<\/span><\/p><p><a href=\"https:\/\/casatimis.ro\/\"><b>S\u0103rb\u0103tore\u0219te Rom\u00e2ne\u0219te la Casa Timi\u0219, de 1 Decembrie 2026.<\/b><\/a><\/p>\t\t\t\t\t\t\t\t<\/div>\n\t\t\t\t<div class=\"elementor-element elementor-element-c2d3111 elementor-widget elementor-widget-cs_image\" data-id=\"c2d3111\" data-element_type=\"widget\" data-e-type=\"widget\" data-settings=\"{&quot;ekit_we_effect_on&quot;:&quot;none&quot;}\" data-widget_type=\"cs_image.default\">\n\t\t\t\t<div class=\"elementor-widget-container\">\n\t\t\t\t\t                                        <img loading=\"lazy\" decoding=\"async\" width=\"1024\" height=\"683\" src=\"https:\/\/casatimis.ro\/wp-content\/uploads\/2026\/09\/Ce-oferte-speciale-sunt-disponibile-de-1-Decembrie-2026-1024x683.jpg\" class=\"attachment-large size-large wp-image-102999\" alt=\"Ce oferte speciale sunt disponibile de 1 Decembrie 2026?\" srcset=\"https:\/\/casatimis.ro\/wp-content\/uploads\/2026\/09\/Ce-oferte-speciale-sunt-disponibile-de-1-Decembrie-2026-1024x683.jpg 1024w, https:\/\/casatimis.ro\/wp-content\/uploads\/2026\/09\/Ce-oferte-speciale-sunt-disponibile-de-1-Decembrie-2026-300x200.jpg 300w, https:\/\/casatimis.ro\/wp-content\/uploads\/2026\/09\/Ce-oferte-speciale-sunt-disponibile-de-1-Decembrie-2026-768x512.jpg 768w, https:\/\/casatimis.ro\/wp-content\/uploads\/2026\/09\/Ce-oferte-speciale-sunt-disponibile-de-1-Decembrie-2026-1440x960.jpg 1440w, https:\/\/casatimis.ro\/wp-content\/uploads\/2026\/09\/Ce-oferte-speciale-sunt-disponibile-de-1-Decembrie-2026-1200x800.jpg 1200w, https:\/\/casatimis.ro\/wp-content\/uploads\/2026\/09\/Ce-oferte-speciale-sunt-disponibile-de-1-Decembrie-2026-780x520.jpg 780w, https:\/\/casatimis.ro\/wp-content\/uploads\/2026\/09\/Ce-oferte-speciale-sunt-disponibile-de-1-Decembrie-2026-600x400.jpg 600w, https:\/\/casatimis.ro\/wp-content\/uploads\/2026\/09\/Ce-oferte-speciale-sunt-disponibile-de-1-Decembrie-2026-550x367.jpg 550w, https:\/\/casatimis.ro\/wp-content\/uploads\/2026\/09\/Ce-oferte-speciale-sunt-disponibile-de-1-Decembrie-2026-370x247.jpg 370w, https:\/\/casatimis.ro\/wp-content\/uploads\/2026\/09\/Ce-oferte-speciale-sunt-disponibile-de-1-Decembrie-2026-255x170.jpg 255w, https:\/\/casatimis.ro\/wp-content\/uploads\/2026\/09\/Ce-oferte-speciale-sunt-disponibile-de-1-Decembrie-2026-150x100.jpg 150w, https:\/\/casatimis.ro\/wp-content\/uploads\/2026\/09\/Ce-oferte-speciale-sunt-disponibile-de-1-Decembrie-2026.jpg 1536w\" sizes=\"(max-width: 1024px) 100vw, 1024px\" \/>                                            \t\t\t\t<\/div>\n\t\t\t\t<\/div>\n\t\t\t\t\t<\/div>\n\t\t<\/div>\n\t\t\t\t\t<\/div>\n\t\t<\/section>\n\t\t\t\t<\/div>\n\t\t<div class=\"pntrst_main_before_after\"><\/div>","protected":false},"excerpt":{"rendered":"<p>Ce oferte speciale sunt disponibile de 1 Decembrie 2026? Pentru 1 Decembrie 2026, rom\u00e2nii care caut\u0103 o minivacan\u021b\u0103 pot alege \u00eentre sejururi la munte, hoteluri cu spa, destina\u021bii rurale \u0219i pachete de cazare aproape de Bucure\u0219ti. Una dintre op\u021biunile pentru Ziua Na\u021bional\u0103 este Casa Timi\u0219 Wellness &amp; Spa Resort, \u00een regiunea viticol\u0103 Dealu Mare, la &#8230;<\/p>\n","protected":false},"author":22,"featured_media":102999,"comment_status":"closed","ping_status":"closed","sticky":false,"template":"","format":"standard","meta":{"content-type":"","loftocean_post_format_gallery":"","loftocean_post_format_gallery_ids":"","loftocean_post_format_gallery_urls":"","loftocean_post_format_video_id":0,"loftocean_post_format_video_url":"","loftocean_post_format_video_type":"","loftocean_post_format_video":"","loftocean_post_format_audio_type":"","loftocean_post_format_audio_url":"","loftocean_post_format_audio_id":0,"loftocean_post_format_audio":"","loftocean-like-count":0,"cozystay_single_post_hide_site_header":"","cozystay_single_post_site_header_source":"","cozystay_single_post_custom_site_header":"0","cozystay_single_post_custom_sticky_site_header":"0","cozystay_single_post_hide_page_title":"","cozystay_single_post_site_footer_hide_main":"","cozystay_single_custom_site_footer_main_source":"","cozystay_single_custom_site_footer_main":"0","cozystay_single_post_site_footer_hide_above":"","cozystay_single_custom_site_footer_above_source":"","cozystay_single_custom_site_footer_above":"0","cozystay_single_post_site_footer_hide_instagram":"","cozystay_single_post_site_footer_hide_bottom":"","cozystay_single_custom_mobile_menu_source":"","cozystay_single_custom_mobile_menu":"0","cozystay_single_custom_mobile_menu_animation":"","cozystay_single_custom_mobile_menu_width":"","cozystay_single_custom_mobile_menu_custom_width":375,"cozystay_single_post_template":"","footnotes":""},"categories":[60,90],"tags":[],"class_list":["post-102998","post","type-post","status-publish","format-standard","has-post-thumbnail","hentry","category-blog","category-casa-timis"],"yoast_head":"<!-- This site is optimized with the Yoast SEO Premium plugin v28.3 (Yoast SEO v28.4) - https:\/\/yoast.com\/product\/yoast-seo-premium-wordpress\/ -->\n<title>Ce oferte speciale sunt disponibile de 1 Decembrie 2026?<\/title>\n<meta name=\"description\" content=\"Descoper\u0103 oferta de 1 Decembrie 2026 la Casa Timi\u0219: 4 nop\u021bi de cazare, brunch festiv, spa inclus \u0219i activit\u0103\u021bi, la o or\u0103 de Bucure\u0219ti.\" \/>\n<meta name=\"robots\" content=\"index, follow, max-snippet:-1, max-image-preview:large, max-video-preview:-1\" \/>\n<link rel=\"canonical\" href=\"https:\/\/casatimis.ro\/en\/ce-oferte-speciale-sunt-disponibile-de-1-decembrie-2026\/\" \/>\n<meta property=\"og:locale\" content=\"en_US\" \/>\n<meta property=\"og:type\" content=\"article\" \/>\n<meta property=\"og:title\" content=\"Ce oferte speciale sunt disponibile de 1 Decembrie 2026?\" \/>\n<meta property=\"og:description\" content=\"Descoper\u0103 oferta de 1 Decembrie 2026 la Casa Timi\u0219: 4 nop\u021bi de cazare, brunch festiv, spa inclus \u0219i activit\u0103\u021bi, la o or\u0103 de Bucure\u0219ti.\" \/>\n<meta property=\"og:url\" content=\"https:\/\/casatimis.ro\/en\/ce-oferte-speciale-sunt-disponibile-de-1-decembrie-2026\/\" \/>\n<meta property=\"og:site_name\" content=\"Casa Timi\u0219\" \/>\n<meta property=\"article:published_time\" content=\"2026-09-03T10:59:44+00:00\" \/>\n<meta property=\"article:modified_time\" content=\"2026-09-03T11:14:23+00:00\" \/>\n<meta property=\"og:image\" content=\"https:\/\/casatimis.ro\/wp-content\/uploads\/2026\/09\/Ce-oferte-speciale-sunt-disponibile-de-1-Decembrie-2026.jpg\" \/>\n\t<meta property=\"og:image:width\" content=\"1536\" \/>\n\t<meta property=\"og:image:height\" content=\"1024\" \/>\n\t<meta property=\"og:image:type\" content=\"image\/jpeg\" \/>\n<meta name=\"author\" content=\"Mila Izabela\" \/>\n<meta name=\"twitter:card\" content=\"summary_large_image\" \/>\n<meta name=\"twitter:label1\" content=\"Written by\" \/>\n\t<meta name=\"twitter:data1\" content=\"Mila Izabela\" \/>\n\t<meta name=\"twitter:label2\" content=\"Est. reading time\" \/>\n\t<meta name=\"twitter:data2\" content=\"1 minute\" \/>\n<!-- \/ Yoast SEO Premium plugin. -->","yoast_head_json":{"title":"Ce oferte speciale sunt disponibile de 1 Decembrie 2026?","description":"Descoper\u0103 oferta de 1 Decembrie 2026 la Casa Timi\u0219: 4 nop\u021bi de cazare, brunch festiv, spa inclus \u0219i activit\u0103\u021bi, la o or\u0103 de Bucure\u0219ti.","robots":{"index":"index","follow":"follow","max-snippet":"max-snippet:-1","max-image-preview":"max-image-preview:large","max-video-preview":"max-video-preview:-1"},"canonical":"https:\/\/casatimis.ro\/en\/ce-oferte-speciale-sunt-disponibile-de-1-decembrie-2026\/","og_locale":"en_US","og_type":"article","og_title":"Ce oferte speciale sunt disponibile de 1 Decembrie 2026?","og_description":"Descoper\u0103 oferta de 1 Decembrie 2026 la Casa Timi\u0219: 4 nop\u021bi de cazare, brunch festiv, spa inclus \u0219i activit\u0103\u021bi, la o or\u0103 de Bucure\u0219ti.","og_url":"https:\/\/casatimis.ro\/en\/ce-oferte-speciale-sunt-disponibile-de-1-decembrie-2026\/","og_site_name":"Casa Timi\u0219","article_published_time":"2026-09-03T10:59:44+00:00","article_modified_time":"2026-09-03T11:14:23+00:00","og_image":[{"width":1536,"height":1024,"url":"https:\/\/casatimis.ro\/wp-content\/uploads\/2026\/09\/Ce-oferte-speciale-sunt-disponibile-de-1-Decembrie-2026.jpg","type":"image\/jpeg"}],"author":"Mila Izabela","twitter_card":"summary_large_image","twitter_misc":{"Written by":"Mila Izabela","Est. reading time":"1 minute"},"schema":{"@context":"https:\/\/schema.org","@graph":[{"@type":"Article","@id":"https:\/\/casatimis.ro\/en\/ce-oferte-speciale-sunt-disponibile-de-1-decembrie-2026\/#article","isPartOf":{"@id":"https:\/\/casatimis.ro\/en\/ce-oferte-speciale-sunt-disponibile-de-1-decembrie-2026\/"},"author":{"name":"Mila Izabela","@id":"https:\/\/casatimis.ro\/en\/#\/schema\/person\/3fb55bd2ed09c3446647d5218022511a"},"headline":"Ce oferte speciale sunt disponibile de 1 Decembrie 2026?","datePublished":"2026-09-03T10:59:44+00:00","dateModified":"2026-09-03T11:14:23+00:00","mainEntityOfPage":{"@id":"https:\/\/casatimis.ro\/en\/ce-oferte-speciale-sunt-disponibile-de-1-decembrie-2026\/"},"wordCount":1715,"publisher":{"@id":"https:\/\/casatimis.ro\/en\/#organization"},"image":{"@id":"https:\/\/casatimis.ro\/en\/ce-oferte-speciale-sunt-disponibile-de-1-decembrie-2026\/#primaryimage"},"thumbnailUrl":"https:\/\/casatimis.ro\/wp-content\/uploads\/2026\/09\/Ce-oferte-speciale-sunt-disponibile-de-1-Decembrie-2026.jpg","articleSection":["Blog","Casa Timi\u0219"],"inLanguage":"en-US"},{"@type":"WebPage","@id":"https:\/\/casatimis.ro\/en\/ce-oferte-speciale-sunt-disponibile-de-1-decembrie-2026\/","url":"https:\/\/casatimis.ro\/en\/ce-oferte-speciale-sunt-disponibile-de-1-decembrie-2026\/","name":"Ce oferte speciale sunt disponibile de 1 Decembrie 2026?","isPartOf":{"@id":"https:\/\/casatimis.ro\/en\/#website"},"primaryImageOfPage":{"@id":"https:\/\/casatimis.ro\/en\/ce-oferte-speciale-sunt-disponibile-de-1-decembrie-2026\/#primaryimage"},"image":{"@id":"https:\/\/casatimis.ro\/en\/ce-oferte-speciale-sunt-disponibile-de-1-decembrie-2026\/#primaryimage"},"thumbnailUrl":"https:\/\/casatimis.ro\/wp-content\/uploads\/2026\/09\/Ce-oferte-speciale-sunt-disponibile-de-1-Decembrie-2026.jpg","datePublished":"2026-09-03T10:59:44+00:00","dateModified":"2026-09-03T11:14:23+00:00","description":"Descoper\u0103 oferta de 1 Decembrie 2026 la Casa Timi\u0219: 4 nop\u021bi de cazare, brunch festiv, spa inclus \u0219i activit\u0103\u021bi, la o or\u0103 de Bucure\u0219ti.","breadcrumb":{"@id":"https:\/\/casatimis.ro\/en\/ce-oferte-speciale-sunt-disponibile-de-1-decembrie-2026\/#breadcrumb"},"inLanguage":"en-US","potentialAction":[{"@type":"ReadAction","target":["https:\/\/casatimis.ro\/en\/ce-oferte-speciale-sunt-disponibile-de-1-decembrie-2026\/"]}]},{"@type":"ImageObject","inLanguage":"en-US","@id":"https:\/\/casatimis.ro\/en\/ce-oferte-speciale-sunt-disponibile-de-1-decembrie-2026\/#primaryimage","url":"https:\/\/casatimis.ro\/wp-content\/uploads\/2026\/09\/Ce-oferte-speciale-sunt-disponibile-de-1-Decembrie-2026.jpg","contentUrl":"https:\/\/casatimis.ro\/wp-content\/uploads\/2026\/09\/Ce-oferte-speciale-sunt-disponibile-de-1-Decembrie-2026.jpg","width":1536,"height":1024,"caption":"Ce oferte speciale sunt disponibile de 1 Decembrie 2026?"},{"@type":"BreadcrumbList","@id":"https:\/\/casatimis.ro\/en\/ce-oferte-speciale-sunt-disponibile-de-1-decembrie-2026\/#breadcrumb","itemListElement":[{"@type":"ListItem","position":1,"name":"Casa Timi\u0219","item":"https:\/\/casatimis.ro\/en\/"},{"@type":"ListItem","position":2,"name":"Ce oferte speciale sunt disponibile de 1 Decembrie 2026?"}]},{"@type":"WebSite","@id":"https:\/\/casatimis.ro\/en\/#website","url":"https:\/\/casatimis.ro\/en\/","name":"Casa Timis Wellness & Spa Resort","description":"WELLNESS &amp; SPA RESORT","publisher":{"@id":"https:\/\/casatimis.ro\/en\/#organization"},"potentialAction":[{"@type":"SearchAction","target":{"@type":"EntryPoint","urlTemplate":"https:\/\/casatimis.ro\/en\/?s={search_term_string}"},"query-input":{"@type":"PropertyValueSpecification","valueRequired":true,"valueName":"search_term_string"}}],"inLanguage":"en-US"},{"@type":"Organization","@id":"https:\/\/casatimis.ro\/en\/#organization","name":"Casa Timis Wellness & Spa Resort","url":"https:\/\/casatimis.ro\/en\/","logo":{"@type":"ImageObject","inLanguage":"en-US","@id":"https:\/\/casatimis.ro\/en\/#\/schema\/logo\/image\/","url":"https:\/\/casatimis.ro\/wp-content\/uploads\/2026\/05\/Logo-Casa-Timis-Maro-1.png","contentUrl":"https:\/\/casatimis.ro\/wp-content\/uploads\/2026\/05\/Logo-Casa-Timis-Maro-1.png","width":600,"height":301,"caption":"Casa Timis Wellness & Spa Resort"},"image":{"@id":"https:\/\/casatimis.ro\/en\/#\/schema\/logo\/image\/"}},{"@type":"Person","@id":"https:\/\/casatimis.ro\/en\/#\/schema\/person\/3fb55bd2ed09c3446647d5218022511a","name":"Mila Izabela","image":{"@type":"ImageObject","inLanguage":"en-US","@id":"https:\/\/secure.gravatar.com\/avatar\/d4a3c13eb8d0a9ee8b372367049cd894bfb36d8dee3427da56e78f870cb98ba5?s=96&d=mm&r=g","url":"https:\/\/secure.gravatar.com\/avatar\/d4a3c13eb8d0a9ee8b372367049cd894bfb36d8dee3427da56e78f870cb98ba5?s=96&d=mm&r=g","contentUrl":"https:\/\/secure.gravatar.com\/avatar\/d4a3c13eb8d0a9ee8b372367049cd894bfb36d8dee3427da56e78f870cb98ba5?s=96&d=mm&r=g","caption":"Mila Izabela"},"url":"https:\/\/casatimis.ro\/en\/author\/izabela-mila\/"}]}},"loftoceanMetas":{"authorName":"Mila Izabela","categories":[{"name":"Blog","link":"https:\/\/casatimis.ro\/en\/category\/blog\/","count":107},{"name":"Casa Timi\u0219","link":"https:\/\/casatimis.ro\/en\/category\/casa-timis\/","count":114}],"date":"September 3, 2026","featuredImageSRC":"https:\/\/casatimis.ro\/wp-content\/uploads\/2026\/09\/Ce-oferte-speciale-sunt-disponibile-de-1-Decembrie-2026-150x150.jpg"},"_links":{"self":[{"href":"https:\/\/casatimis.ro\/en\/wp-json\/wp\/v2\/posts\/102998","targetHints":{"allow":["GET"]}}],"collection":[{"href":"https:\/\/casatimis.ro\/en\/wp-json\/wp\/v2\/posts"}],"about":[{"href":"https:\/\/casatimis.ro\/en\/wp-json\/wp\/v2\/types\/post"}],"author":[{"embeddable":true,"href":"https:\/\/casatimis.ro\/en\/wp-json\/wp\/v2\/users\/22"}],"replies":[{"embeddable":true,"href":"https:\/\/casatimis.ro\/en\/wp-json\/wp\/v2\/comments?post=102998"}],"version-history":[{"count":4,"href":"https:\/\/casatimis.ro\/en\/wp-json\/wp\/v2\/posts\/102998\/revisions"}],"predecessor-version":[{"id":103008,"href":"https:\/\/casatimis.ro\/en\/wp-json\/wp\/v2\/posts\/102998\/revisions\/103008"}],"wp:featuredmedia":[{"embeddable":true,"href":"https:\/\/casatimis.ro\/en\/wp-json\/wp\/v2\/media\/102999"}],"wp:attachment":[{"href":"https:\/\/casatimis.ro\/en\/wp-json\/wp\/v2\/media?parent=102998"}],"wp:term":[{"taxonomy":"category","embeddable":true,"href":"https:\/\/casatimis.ro\/en\/wp-json\/wp\/v2\/categories?post=102998"},{"taxonomy":"post_tag","embeddable":true,"href":"https:\/\/casatimis.ro\/en\/wp-json\/wp\/v2\/tags?post=102998"}],"curies":[{"name":"wp","href":"https:\/\/api.w.org\/{rel}","templated":true}]}}